{"id":809,"date":"2021-12-04T10:40:18","date_gmt":"2021-12-04T09:40:18","guid":{"rendered":"http:\/\/clusterkasserine.creativetunisia.tn\/?p=809"},"modified":"2022-03-10T09:22:01","modified_gmt":"2022-03-10T08:22:01","slug":"les-entreprises-du-cluster-exposent-a-milan","status":"publish","type":"post","link":"https:\/\/clusterkasserine.creativetunisia.tn\/index.php\/2021\/12\/04\/les-entreprises-du-cluster-exposent-a-milan\/","title":{"rendered":"Les entreprises du cluster exposent \u00e0 Milan"},"content":{"rendered":"\n<p>Du 04 au 12 d\u00e9cembre 2021, 03 entreprises du cluster participent \u00e0 la grande foire Artigiano in Fiera \u00e0 Milan gr\u00e2ce au soutien du projet Creative Tunisia.<\/p>\n\n\n\n<div style=\"height:30px\" aria-hidden=\"true\" class=\"wp-block-spacer\"><\/div>\n\n\n\n<figure class=\"wp-block-gallery has-nested-images columns-default is-cropped\">\n<figure class=\"wp-block-image size-large is-style-default\"><img loading=\"lazy\" width=\"1024\" height=\"1024\" data-id=\"811\"  src=\"http:\/\/clusterkasserine.creativetunisia.tn\/wp-content\/uploads\/2022\/02\/Les-entreprises-du-cluster-exposent-a-Milan-1-1024x1024.jpg\" alt=\"\" class=\"wp-image-811\" srcset=\"https:\/\/clusterkasserine.creativetunisia.tn\/wp-content\/uploads\/2022\/02\/Les-entreprises-du-cluster-exposent-a-Milan-1-1024x1024.jpg 1024w, https:\/\/clusterkasserine.creativetunisia.tn\/wp-content\/uploads\/2022\/02\/Les-entreprises-du-cluster-exposent-a-Milan-1-300x300.jpg 300w, https:\/\/clusterkasserine.creativetunisia.tn\/wp-content\/uploads\/2022\/02\/Les-entreprises-du-cluster-exposent-a-Milan-1-150x150.jpg 150w, https:\/\/clusterkasserine.creativetunisia.tn\/wp-content\/uploads\/2022\/02\/Les-entreprises-du-cluster-exposent-a-Milan-1-768x768.jpg 768w, https:\/\/clusterkasserine.creativetunisia.tn\/wp-content\/uploads\/2022\/02\/Les-entreprises-du-cluster-exposent-a-Milan-1.jpg 1080w\" sizes=\"(max-width: 1024px) 100vw, 1024px\" \/><\/figure>\n\n\n\n<figure class=\"wp-block-image size-large is-style-default\"><img loading=\"lazy\" width=\"1024\" height=\"1024\" data-id=\"812\"  src=\"http:\/\/clusterkasserine.creativetunisia.tn\/wp-content\/uploads\/2022\/02\/Les-entreprises-du-cluster-exposent-a-Milan-2-1024x1024.jpg\" alt=\"\" class=\"wp-image-812\" srcset=\"https:\/\/clusterkasserine.creativetunisia.tn\/wp-content\/uploads\/2022\/02\/Les-entreprises-du-cluster-exposent-a-Milan-2-1024x1024.jpg 1024w, https:\/\/clusterkasserine.creativetunisia.tn\/wp-content\/uploads\/2022\/02\/Les-entreprises-du-cluster-exposent-a-Milan-2-300x300.jpg 300w, https:\/\/clusterkasserine.creativetunisia.tn\/wp-content\/uploads\/2022\/02\/Les-entreprises-du-cluster-exposent-a-Milan-2-150x150.jpg 150w, https:\/\/clusterkasserine.creativetunisia.tn\/wp-content\/uploads\/2022\/02\/Les-entreprises-du-cluster-exposent-a-Milan-2-768x768.jpg 768w, https:\/\/clusterkasserine.creativetunisia.tn\/wp-content\/uploads\/2022\/02\/Les-entreprises-du-cluster-exposent-a-Milan-2.jpg 1080w\" sizes=\"(max-width: 1024px) 100vw, 1024px\" \/><\/figure>\n<\/figure>\n","protected":false},"excerpt":{"rendered":"<p>Du 04 au 12 d\u00e9cembre 2021, 03 entreprises du cluster participent \u00e0 la grande foire Artigiano in Fiera \u00e0 Milan gr\u00e2ce au soutien du projet Creative Tunisia.<\/p>\n","protected":false},"author":2,"featured_media":813,"comment_status":"closed","ping_status":"closed","sticky":false,"template":"","format":"standard","meta":[],"categories":[1],"tags":[],"_links":{"self":[{"href":"https:\/\/clusterkasserine.creativetunisia.tn\/index.php\/wp-json\/wp\/v2\/posts\/809"}],"collection":[{"href":"https:\/\/clusterkasserine.creativetunisia.tn\/index.php\/wp-json\/wp\/v2\/posts"}],"about":[{"href":"https:\/\/clusterkasserine.creativetunisia.tn\/index.php\/wp-json\/wp\/v2\/types\/post"}],"author":[{"embeddable":true,"href":"https:\/\/clusterkasserine.creativetunisia.tn\/index.php\/wp-json\/wp\/v2\/users\/2"}],"replies":[{"embeddable":true,"href":"https:\/\/clusterkasserine.creativetunisia.tn\/index.php\/wp-json\/wp\/v2\/comments?post=809"}],"version-history":[{"count":2,"href":"https:\/\/clusterkasserine.creativetunisia.tn\/index.php\/wp-json\/wp\/v2\/posts\/809\/revisions"}],"predecessor-version":[{"id":814,"href":"https:\/\/clusterkasserine.creativetunisia.tn\/index.php\/wp-json\/wp\/v2\/posts\/809\/revisions\/814"}],"wp:featuredmedia":[{"embeddable":true,"href":"https:\/\/clusterkasserine.creativetunisia.tn\/index.php\/wp-json\/wp\/v2\/media\/813"}],"wp:attachment":[{"href":"https:\/\/clusterkasserine.creativetunisia.tn\/index.php\/wp-json\/wp\/v2\/media?parent=809"}],"wp:term":[{"taxonomy":"category","embeddable":true,"href":"https:\/\/clusterkasserine.creativetunisia.tn\/index.php\/wp-json\/wp\/v2\/categories?post=809"},{"taxonomy":"post_tag","embeddable":true,"href":"https:\/\/clusterkasserine.creativetunisia.tn\/index.php\/wp-json\/wp\/v2\/tags?post=809"}],"curies":[{"name":"wp","href":"https:\/\/api.w.org\/{rel}","templated":true}]}}